{"id":1210,"date":"2024-11-22T23:52:16","date_gmt":"2024-11-22T22:52:16","guid":{"rendered":"https:\/\/neu.effa-segeln.de\/?p=1210"},"modified":"2025-03-11T21:10:03","modified_gmt":"2025-03-11T20:10:03","slug":"transport-und-werkevent-2024","status":"publish","type":"post","link":"https:\/\/effa-segeln.de\/?p=1210","title":{"rendered":"Transport und Werkevent 2024"},"content":{"rendered":"\n<p>Die Segelsaison ist beendet und die Exodus befindet sich wieder im Winterlager. Nachdem der zweite Herbstt\u00f6rn das Schiff zur\u00fcck nach Emmerich gebracht hat, wurden die letzten Meter bis zum Winterlager in Kleve per Schwertransport an Land zur\u00fcckgelegt.<\/p>\n\n\n\n<p>An Halloween wurde die Exodus mittags mit dem Kran aus dem Wasser gehoben und auf dem Tieflader abgestellt. Noch vor Ort wurde das Unterwasserschiff direkt mit dem Hochdruckreiniger vom groben Schmutz befreit, ehe es auf den Tieflader gestellt wurde. Dank vielen helfenden H\u00e4nden war das Schiff bereits am fr\u00fchen Abend transportfertig verspannt. Die Wartezeit bis zur Abfahrt um 22 Uhr wurde f\u00fcr ein gemeinsames Abendessen und eine Sitzung des Schiffsrats im Schein der Petroleumlampe unter dem Sternenhimmel genutzt. Auch f\u00fcr eine Tanzrunde blieb noch Zeit. P\u00fcnktlich um 22 Uhr setzte sich der Schwertransport in Bewegung und kam kurze Zeit sp\u00e4ter im Winterlager in Kleve an. Schnell wurde sich fertig gemacht, um noch eine letzte Nacht an Bord zu verbringen.<\/p>\n\n\n\n<p>Nach einem ausgiebigen Fr\u00fchst\u00fcck am n\u00e4chsten Morgen ging es mit dem Einwintern der Exodus los. Vom Tieflader auf den Winterlagertrailer umladen, wasserf\u00fchrende Leitungen frostsicher machen und alles Equipment ausr\u00e4umen, waren nur einige der anfallenden Arbeiten. Auch erste Winterlagerarbeiten wie zum Beispiel das Schleifen der Masten, konnten am Freitag bereits begonnen werden. Das Highlight f\u00fcr alle war sicherlich der Ausbau des Motors, der in diesem Jahr wieder seine gro\u00dfe Wartung erh\u00e4lt.<\/p>\n\n\n\n<p>Auch der Samstag stand ganz im Zeichen der ersten Winterlagerarbeiten. Das Material wurde auf seinen Zustand gepr\u00fcft und eine \u00dcbersicht \u00fcber die anfallenden Arbeiten geschaffen. Es wurde geschliffen und ge\u00f6lt. Am Abend erwartet uns als kulinarisches Highlight ein gemeinsames Pizza backen. Bei einigen Runden Werwolf wurde der Abend entspannt ausklingen gelassen.<\/p>\n\n\n\n<p>Sonntag wurde noch einmal flei\u00dfig gearbeitet, bevor dann gegen Mittag nach und nach alle Helfer den Heimweg antraten. Von nun an treffen wir uns wieder regelm\u00e4\u00dfig jeden Samstag im Winterlager, um an der Exodus zu arbeiten und sie f\u00fcr die n\u00e4chste Saison wieder fit zu machen. Zwei Wochen vor Ostern soll es wieder ins Wasser gehen. Bis dahin stehen einige Arbeiten an. Schleifen, lackieren, Motorwartung und vieles mehr. F\u00fcr jeden ist was dabei, Vorwissen wird nicht zwingend ben\u00f6tigt. <\/p>\n\n\n\n<p>Wir sehen uns im Winterlager!<\/p>\n","protected":false},"excerpt":{"rendered":"<p>Die Segelsaison ist beendet und die Exodus befindet sich wieder im Winterlager. Nachdem der zweite Herbstt\u00f6rn das Schiff zur\u00fcck nach Emmerich gebracht hat, wurden die letzten Meter bis zum Winterlager in Kleve per Schwertransport an Land zur\u00fcckgelegt.<\/p>\n","protected":false},"author":4,"featured_media":1074,"comment_status":"closed","ping_status":"open","sticky":false,"template":"","format":"standard","meta":{"ngg_post_thumbnail":0,"footnotes":""},"categories":[1],"tags":[],"class_list":["post-1210","post","type-post","status-publish","format-standard","has-post-thumbnail","hentry","category-allgemein"],"_links":{"self":[{"href":"https:\/\/effa-segeln.de\/index.php?rest_route=\/wp\/v2\/posts\/1210","targetHints":{"allow":["GET"]}}],"collection":[{"href":"https:\/\/effa-segeln.de\/index.php?rest_route=\/wp\/v2\/posts"}],"about":[{"href":"https:\/\/effa-segeln.de\/index.php?rest_route=\/wp\/v2\/types\/post"}],"author":[{"embeddable":true,"href":"https:\/\/effa-segeln.de\/index.php?rest_route=\/wp\/v2\/users\/4"}],"replies":[{"embeddable":true,"href":"https:\/\/effa-segeln.de\/index.php?rest_route=%2Fwp%2Fv2%2Fcomments&post=1210"}],"version-history":[{"count":8,"href":"https:\/\/effa-segeln.de\/index.php?rest_route=\/wp\/v2\/posts\/1210\/revisions"}],"predecessor-version":[{"id":1347,"href":"https:\/\/effa-segeln.de\/index.php?rest_route=\/wp\/v2\/posts\/1210\/revisions\/1347"}],"wp:featuredmedia":[{"embeddable":true,"href":"https:\/\/effa-segeln.de\/index.php?rest_route=\/wp\/v2\/media\/1074"}],"wp:attachment":[{"href":"https:\/\/effa-segeln.de\/index.php?rest_route=%2Fwp%2Fv2%2Fmedia&parent=1210"}],"wp:term":[{"taxonomy":"category","embeddable":true,"href":"https:\/\/effa-segeln.de\/index.php?rest_route=%2Fwp%2Fv2%2Fcategories&post=1210"},{"taxonomy":"post_tag","embeddable":true,"href":"https:\/\/effa-segeln.de\/index.php?rest_route=%2Fwp%2Fv2%2Ftags&post=1210"}],"curies":[{"name":"wp","href":"https:\/\/api.w.org\/{rel}","templated":true}]}}