{"id":1249,"date":"2024-12-29T10:20:24","date_gmt":"2024-12-29T09:20:24","guid":{"rendered":"https:\/\/neu.effa-segeln.de\/?p=1249"},"modified":"2024-12-29T17:35:22","modified_gmt":"2024-12-29T16:35:22","slug":"klever-weihnachtsmarkt","status":"publish","type":"post","link":"https:\/\/effa-segeln.de\/?p=1249","title":{"rendered":"Klever Weihnachtsmarkt"},"content":{"rendered":"\n<blockquote class=\"wp-block-quote is-layout-flow wp-block-quote-is-layout-flow\">\n<p>Auch in diesem Jahr hatten wir als Exodus wieder die Chance auf dem Klever Weihnachtsmarkt unsere Kalender und selbstgebackende Pl\u00e4tzchen zu verkaufen und um neue Mitreisende zu werben. Das Wetter war am Anfang recht sch\u00f6n und es war reger Betrieb auf dem Weihnachtsmarkt. Sp\u00e4ter Richtung Abend hat es angefangen zu regnen. Doch das hat der Stimmung nicht geschadet. Mit frischen gebrannten Mandeln und Schokolade haben wir uns im Stand gem\u00fcdloch gemacht und sind dabei auch auf die ein oder andere komische Idee gekommen.<br>Es wurden aber auch nicht nur neue mitfahrer angeworben sondern wir haben auch die Nachbarschaftsbeziehungen mit den umliegenden St\u00e4nden nicht vernachl\u00e4ssigt. <\/p>\n\n\n\n<p>Es war ein rundum sch\u00f6ner Tag am Stand auf dem Klever Weihnachtsmarkt!<\/p>\n<\/blockquote>\n\n\n\n<p>von Moritz<\/p>\n","protected":false},"excerpt":{"rendered":"<p>Auch in diesem Jahr hatten wir als Exodus wieder die Chance auf dem Klever Weihnachtsmarkt unsere Kalender und selbstgebackende Pl\u00e4tzchen zu verkaufen und um neue Mitreisende zu werben. Das Wetter war am Anfang recht sch\u00f6n und es war reger Betrieb auf dem Weihnachtsmarkt. Sp\u00e4ter Richtung Abend hat es angefangen zu regnen. Doch das hat der [&hellip;]<\/p>\n","protected":false},"author":1,"featured_media":1258,"comment_status":"closed","ping_status":"open","sticky":false,"template":"","format":"standard","meta":{"ngg_post_thumbnail":0,"footnotes":""},"categories":[1],"tags":[],"class_list":["post-1249","post","type-post","status-publish","format-standard","has-post-thumbnail","hentry","category-allgemein"],"_links":{"self":[{"href":"https:\/\/effa-segeln.de\/index.php?rest_route=\/wp\/v2\/posts\/1249","targetHints":{"allow":["GET"]}}],"collection":[{"href":"https:\/\/effa-segeln.de\/index.php?rest_route=\/wp\/v2\/posts"}],"about":[{"href":"https:\/\/effa-segeln.de\/index.php?rest_route=\/wp\/v2\/types\/post"}],"author":[{"embeddable":true,"href":"https:\/\/effa-segeln.de\/index.php?rest_route=\/wp\/v2\/users\/1"}],"replies":[{"embeddable":true,"href":"https:\/\/effa-segeln.de\/index.php?rest_route=%2Fwp%2Fv2%2Fcomments&post=1249"}],"version-history":[{"count":1,"href":"https:\/\/effa-segeln.de\/index.php?rest_route=\/wp\/v2\/posts\/1249\/revisions"}],"predecessor-version":[{"id":1250,"href":"https:\/\/effa-segeln.de\/index.php?rest_route=\/wp\/v2\/posts\/1249\/revisions\/1250"}],"wp:featuredmedia":[{"embeddable":true,"href":"https:\/\/effa-segeln.de\/index.php?rest_route=\/wp\/v2\/media\/1258"}],"wp:attachment":[{"href":"https:\/\/effa-segeln.de\/index.php?rest_route=%2Fwp%2Fv2%2Fmedia&parent=1249"}],"wp:term":[{"taxonomy":"category","embeddable":true,"href":"https:\/\/effa-segeln.de\/index.php?rest_route=%2Fwp%2Fv2%2Fcategories&post=1249"},{"taxonomy":"post_tag","embeddable":true,"href":"https:\/\/effa-segeln.de\/index.php?rest_route=%2Fwp%2Fv2%2Ftags&post=1249"}],"curies":[{"name":"wp","href":"https:\/\/api.w.org\/{rel}","templated":true}]}}