{"id":1343,"date":"2025-03-11T21:13:49","date_gmt":"2025-03-11T20:13:49","guid":{"rendered":"https:\/\/neu.effa-segeln.de\/?p=1343"},"modified":"2025-03-13T19:01:50","modified_gmt":"2025-03-13T18:01:50","slug":"endspurt-zur-neuen-segelsaison","status":"publish","type":"post","link":"https:\/\/effa-segeln.de\/?p=1343","title":{"rendered":"Endspurt zur neuen Segelsaison"},"content":{"rendered":"\n<p>Die Tage werden l\u00e4nger, die Temperaturen steigen, und die ersten Fr\u00fchlingsblumen sprie\u00dfen \u2013 ein sicheres Zeichen daf\u00fcr, dass die <strong>hei\u00dfe Phase<\/strong> des Winterlagers f\u00fcr die <em>Exodus<\/em> begonnen hat.<\/p>\n\n\n\n<p>Am <strong>6. April<\/strong> soll unser Schiff zum <strong>Tag der offenen Luke<\/strong> wieder vollst\u00e4ndig ausger\u00fcstet und repariert ins Wasser zur\u00fcckkehren. Doch bis dahin gibt es noch einiges zu tun. Derzeit klafft dort, wo normalerweise der Motor sitzt, noch ein gro\u00dfes Loch. Der Motor wurde in diesem Winter <strong>komplett general\u00fcberholt<\/strong> und wird nun im finalen Endspurt wieder eingebaut.<\/p>\n\n\n\n<p>Diese Gelegenheit haben wir genutzt, um die <strong>Treibstoff- und Wassertanks<\/strong> auszubauen, zu reinigen und zu optimieren \u2013 darunter eine <strong>neue digitale F\u00fcllstandsanzeige f\u00fcr den Wassertank<\/strong>. Solche Arbeiten sind nur m\u00f6glich, wenn der Motor ausgebaut ist. Deshalb spielte sich in den vergangenen Monaten vieles im hinteren Bereich des Schiffes ab. Dort wurde auch das <strong>Achterdeck<\/strong> umfassend \u00fcberarbeitet und neu lackiert. Nebenbei haben wir an zahlreichen Stellen <strong>Schadstellen im Lack ausgebessert<\/strong> und besch\u00e4digtes Holz ersetzt.<\/p>\n\n\n\n<p>Ein weiteres Gro\u00dfprojekt war der <strong>Austausch mehrerer Spanten<\/strong> im Achterschiff. Nach vielen Jahren im Einsatz war das Holz erm\u00fcdet und musste erneuert werden \u2013 eine anspruchsvolle, aber wichtige Arbeit, um die <em>Exodus<\/em> fit f\u00fcr die Zukunft zu machen.<\/p>\n\n\n\n<p>Nun bleiben noch <strong>drei Wochen bis zum Krantermin in Emmerich<\/strong>, in denen es darum geht, die letzten Arbeiten abzuschlie\u00dfen. Alles muss wieder an seinen Platz, damit die <em>Exodus<\/em> p\u00fcnktlich und in frischem Glanz zur\u00fcck ins Wasser kann. Die Vorfreude auf die kommende Saison steigt \u2013 und wir freuen uns darauf, euch bald an Bord begr\u00fc\u00dfen zu d\u00fcrfen!<\/p>\n","protected":false},"excerpt":{"rendered":"<p>Die Tage werden l\u00e4nger, die Temperaturen steigen, und die ersten Fr\u00fchlingsblumen sprie\u00dfen \u2013 ein sicheres Zeichen daf\u00fcr, dass die hei\u00dfe Phase des Winterlagers f\u00fcr die Exodus begonnen hat. Am 6. April soll unser Schiff zum Tag der offenen Luke wieder vollst\u00e4ndig ausger\u00fcstet und repariert ins Wasser zur\u00fcckkehren. Doch bis dahin gibt es noch einiges zu [&hellip;]<\/p>\n","protected":false},"author":4,"featured_media":1349,"comment_status":"closed","ping_status":"open","sticky":false,"template":"","format":"standard","meta":{"ngg_post_thumbnail":0,"footnotes":""},"categories":[1],"tags":[],"class_list":["post-1343","post","type-post","status-publish","format-standard","has-post-thumbnail","hentry","category-allgemein"],"_links":{"self":[{"href":"https:\/\/effa-segeln.de\/index.php?rest_route=\/wp\/v2\/posts\/1343","targetHints":{"allow":["GET"]}}],"collection":[{"href":"https:\/\/effa-segeln.de\/index.php?rest_route=\/wp\/v2\/posts"}],"about":[{"href":"https:\/\/effa-segeln.de\/index.php?rest_route=\/wp\/v2\/types\/post"}],"author":[{"embeddable":true,"href":"https:\/\/effa-segeln.de\/index.php?rest_route=\/wp\/v2\/users\/4"}],"replies":[{"embeddable":true,"href":"https:\/\/effa-segeln.de\/index.php?rest_route=%2Fwp%2Fv2%2Fcomments&post=1343"}],"version-history":[{"count":1,"href":"https:\/\/effa-segeln.de\/index.php?rest_route=\/wp\/v2\/posts\/1343\/revisions"}],"predecessor-version":[{"id":1348,"href":"https:\/\/effa-segeln.de\/index.php?rest_route=\/wp\/v2\/posts\/1343\/revisions\/1348"}],"wp:featuredmedia":[{"embeddable":true,"href":"https:\/\/effa-segeln.de\/index.php?rest_route=\/wp\/v2\/media\/1349"}],"wp:attachment":[{"href":"https:\/\/effa-segeln.de\/index.php?rest_route=%2Fwp%2Fv2%2Fmedia&parent=1343"}],"wp:term":[{"taxonomy":"category","embeddable":true,"href":"https:\/\/effa-segeln.de\/index.php?rest_route=%2Fwp%2Fv2%2Fcategories&post=1343"},{"taxonomy":"post_tag","embeddable":true,"href":"https:\/\/effa-segeln.de\/index.php?rest_route=%2Fwp%2Fv2%2Ftags&post=1343"}],"curies":[{"name":"wp","href":"https:\/\/api.w.org\/{rel}","templated":true}]}}