{"id":1353,"date":"2025-03-20T22:35:45","date_gmt":"2025-03-20T21:35:45","guid":{"rendered":"https:\/\/neu.effa-segeln.de\/?p=1353"},"modified":"2025-03-30T21:10:17","modified_gmt":"2025-03-30T19:10:17","slug":"tag-der-offenen-luke-auf-der-exodus-jetzt-entdecken","status":"publish","type":"post","link":"https:\/\/effa-segeln.de\/?p=1353","title":{"rendered":"Tag der offenen Luke auf der Exodus \u2013 Jetzt entdecken!"},"content":{"rendered":"\n<h3 class=\"wp-block-heading\"><\/h3>\n\n\n\n<p>Am Sonntag, den <strong>06.04.2022<\/strong>, \u00f6ffnet die <strong>Exodus<\/strong> von <strong>12 bis 16 Uhr<\/strong> ihre Luke f\u00fcr alle Interessierten! Unser Traditionssegler liegt dann im Emmericher Yachthaven e.V. <br><a href=\"https:\/\/graphhopper.com\/maps\/?point=51.836502%2C6.227023&amp;point=51.834018%2C6.224985&amp;profile=car&amp;layer=Omniscale\">Link zu Openstreatmap<\/a> oder <a href=\"https:\/\/maps.app.goo.gl\/68kr1AQn9r4LoCoU6\">Google Maps<\/a><\/p>\n\n\n\n<figure class=\"wp-block-image size-full\"><img loading=\"lazy\" decoding=\"async\" width=\"496\" height=\"420\" sizes=\"auto, (max-width: 496px) 100vw, 496px\" src=\"https:\/\/effa-segeln.de\/wp-content\/uploads\/2025\/03\/Bildschirmfoto-vom-2025-03-30-21-02-27.png\" alt=\"\" class=\"wp-image-1399\" srcset=\"https:\/\/effa-segeln.de\/wp-content\/uploads\/2025\/03\/Bildschirmfoto-vom-2025-03-30-21-02-27.png 496w, https:\/\/effa-segeln.de\/wp-content\/uploads\/2025\/03\/Bildschirmfoto-vom-2025-03-30-21-02-27-300x254.png 300w\" \/><\/figure>\n\n\n\n<p><strong>Was erwartet euch?<\/strong><br>???? Besichtigung der Exodus \u2013 inklusive \u00fcberholter Motoranlage &amp; neuen Spanten im Achterschiff<br>???? <strong>Programm f\u00fcr Jung &amp; Alt:<\/strong> Knoten-Workshops, kleine Ausfahrten &amp; mehr<br>???? Kaffee &amp; Kuchen in maritimer Atmosph\u00e4re<br>???? <strong>Direkte Anmeldung<\/strong> f\u00fcr kommende T\u00f6rns m\u00f6glich<\/p>\n\n\n\n<p>Ob Seefahrende oder Neugierige \u2013 alle sind herzlich willkommen! Kommt vorbei, lernt unser Projekt kennen und erlebt echtes Segelfeeling.<\/p>\n\n\n\n<p>Wir freuen uns auf euch! \u26f5<\/p>\n","protected":false},"excerpt":{"rendered":"<p>Am Sonntag, den 06.04.2022, \u00f6ffnet die Exodus von 12 bis 16 Uhr ihre Luke f\u00fcr alle Interessierten! Unser Traditionssegler liegt dann im Emmericher Yachthaven e.V. Link zu Openstreatmap oder Google Maps Was erwartet euch????? Besichtigung der Exodus \u2013 inklusive \u00fcberholter Motoranlage &amp; neuen Spanten im Achterschiff???? Programm f\u00fcr Jung &amp; Alt: Knoten-Workshops, kleine Ausfahrten &amp; [&hellip;]<\/p>\n","protected":false},"author":4,"featured_media":915,"comment_status":"closed","ping_status":"open","sticky":false,"template":"","format":"standard","meta":{"ngg_post_thumbnail":0,"footnotes":""},"categories":[1],"tags":[],"class_list":["post-1353","post","type-post","status-publish","format-standard","has-post-thumbnail","hentry","category-allgemein"],"_links":{"self":[{"href":"https:\/\/effa-segeln.de\/index.php?rest_route=\/wp\/v2\/posts\/1353","targetHints":{"allow":["GET"]}}],"collection":[{"href":"https:\/\/effa-segeln.de\/index.php?rest_route=\/wp\/v2\/posts"}],"about":[{"href":"https:\/\/effa-segeln.de\/index.php?rest_route=\/wp\/v2\/types\/post"}],"author":[{"embeddable":true,"href":"https:\/\/effa-segeln.de\/index.php?rest_route=\/wp\/v2\/users\/4"}],"replies":[{"embeddable":true,"href":"https:\/\/effa-segeln.de\/index.php?rest_route=%2Fwp%2Fv2%2Fcomments&post=1353"}],"version-history":[{"count":4,"href":"https:\/\/effa-segeln.de\/index.php?rest_route=\/wp\/v2\/posts\/1353\/revisions"}],"predecessor-version":[{"id":1400,"href":"https:\/\/effa-segeln.de\/index.php?rest_route=\/wp\/v2\/posts\/1353\/revisions\/1400"}],"wp:featuredmedia":[{"embeddable":true,"href":"https:\/\/effa-segeln.de\/index.php?rest_route=\/wp\/v2\/media\/915"}],"wp:attachment":[{"href":"https:\/\/effa-segeln.de\/index.php?rest_route=%2Fwp%2Fv2%2Fmedia&parent=1353"}],"wp:term":[{"taxonomy":"category","embeddable":true,"href":"https:\/\/effa-segeln.de\/index.php?rest_route=%2Fwp%2Fv2%2Fcategories&post=1353"},{"taxonomy":"post_tag","embeddable":true,"href":"https:\/\/effa-segeln.de\/index.php?rest_route=%2Fwp%2Fv2%2Ftags&post=1353"}],"curies":[{"name":"wp","href":"https:\/\/api.w.org\/{rel}","templated":true}]}}