{"id":1438,"date":"2025-06-11T22:31:57","date_gmt":"2025-06-11T20:31:57","guid":{"rendered":"https:\/\/neu.effa-segeln.de\/?p=1438"},"modified":"2025-06-12T23:26:50","modified_gmt":"2025-06-12T21:26:50","slug":"ksg-kindertoern-auf-der-exodus","status":"publish","type":"post","link":"https:\/\/effa-segeln.de\/?p=1438","title":{"rendered":"KSG-Kindert\u00f6rn auf der Exodus"},"content":{"rendered":"\n<figure class=\"wp-block-image size-large\"><img data-dominant-color=\"797177\" data-has-transparency=\"false\" style=\"--dominant-color: #797177;\" loading=\"lazy\" decoding=\"async\" width=\"1920\" height=\"1080\" sizes=\"auto, (max-width: 1920px) 100vw, 1920px\" src=\"https:\/\/effa-segeln.de\/wp-content\/uploads\/2025\/06\/20250517_1149080-2-1920x1080.jpg\" alt=\"\" class=\"wp-image-1450 not-transparent\" srcset=\"https:\/\/effa-segeln.de\/wp-content\/uploads\/2025\/06\/20250517_1149080-2-1920x1080.jpg 1920w, https:\/\/effa-segeln.de\/wp-content\/uploads\/2025\/06\/20250517_1149080-2-300x169.jpg 300w, https:\/\/effa-segeln.de\/wp-content\/uploads\/2025\/06\/20250517_1149080-2-768x432.jpg 768w, https:\/\/effa-segeln.de\/wp-content\/uploads\/2025\/06\/20250517_1149080-2-1536x864.jpg 1536w, https:\/\/effa-segeln.de\/wp-content\/uploads\/2025\/06\/20250517_1149080-2-2048x1153.jpg 2048w, https:\/\/effa-segeln.de\/wp-content\/uploads\/2025\/06\/20250517_1149080-2-1200x675.jpg 1200w, https:\/\/effa-segeln.de\/wp-content\/uploads\/2025\/06\/20250517_1149080-2-1980x1114.jpg 1980w\" \/><\/figure>\n\n\n\n<p>Acht Kinder im Alter von 11 bis 14 Jahren, allesamt Mitglieder der Freitagssegelgruppe der KSG, gingen zum allerersten Mal an Bord der Exodus. Begleitet wurden sie von vier Betreuer*innen \u2013 ein Team aus Ehrenamtlichen der Exodus-Crew und der KSG.<\/p>\n\n\n\n<p>Startpunkt war die Marina in Warns, von wo aus wir am Freitag ankamen und einen ersten Spieleabend im Hafen verbrachten. Das Ziel am Samstag: Nieuwe Kruispolle, eine kleine Naturinsel in den Binnenseen bei Stavoren. F\u00fcr viele war es das erste Mal \u201eDickschiff\u201c segeln, und dementsprechend gro\u00df war die Aufregung beim Ablegen nach der Sicherheitseinweisung. Der Samstag hielt dann sogar richtig Wind bereit \u2013 ideal zum Segeln und eine spannende Herausforderung f\u00fcr unsere Crew aus jungen Neulingen. Mit viel Teamgeist und Unterst\u00fctzung der Betreuer*innen meisterten alle die B\u00f6en souver\u00e4n und Ausfl\u00fcge ins Kl\u00fcvernetz und Wellen reiten auf dem Vorschiff waren f\u00fcr die junge Crew ein Highlight. Nach der Ankunft auf der Insel stand am Abend noch ein besonderer Programmpunkt an: Mit dem Dinghy segelten wir in der Abendsonne, danach wurde die ganze Insel zum Spielfeld f\u00fcr eine gro\u00dfe Runde Verstecken.<\/p>\n\n\n\n<p>Auch kulinarisch war das Wochenende ein kleiner Klassiker: Am Freitag gab es Nudeln mit Tomatenso\u00dfe, Samstag Wraps zum Selberf\u00fcllen, und zum Abschluss am Sonntag Pommes bei der Pommesbude in Stavoren, bevor es mit den Autos wieder zur\u00fcck nach Kleve ging.<\/p>\n\n\n\n<p>Der Kindert\u00f6rn war f\u00fcr alle Beteiligten ein voller Erfolg \u2013 eine tolle Mischung aus Abenteuer, Gemeinschaft und erster Dickschiff-Segelerfahrung. Wir freuen uns schon jetzt auf eine Wiederholung!<\/p>\n\n\n\n<p>Besonders sch\u00f6n an diesem Wochenende war auch die Zusammenarbeit zwischen der KSG und der Evangelischen Jugend Kleve. Die Kinder kannten das Segeln schon im Kleinen, jetzt durften sie es im Gro\u00dfen erleben. Die Betreuer*innen aus beiden Gruppen erg\u00e4nzten sich dabei wunderbar: p\u00e4dagogische Erfahrung, seglerisches Know-how und viel Herzblut sorgten daf\u00fcr, dass sich alle Kinder gut aufgehoben f\u00fchlten und das Abenteuer in vollen Z\u00fcgen genie\u00dfen konnten.<\/p>\n\n\n\n<p>Die Kooperation zeigt, wie gut Vereinsarbeit und kirchliche Jugendarbeit Hand in Hand gehen k\u00f6nnen, und dass beide Gruppen das gleiche Ziel haben: Kindern und Jugendlichen unvergessliche Erlebnisse, Gemeinschaft und neue Perspektiven zu schenken.<\/p>\n\n\n\n<figure class=\"wp-block-gallery has-nested-images columns-default is-cropped wp-block-gallery-1 is-layout-flex wp-block-gallery-is-layout-flex\">\n<figure class=\"wp-block-image size-large\"><img data-dominant-color=\"748398\" data-has-transparency=\"false\" style=\"--dominant-color: #748398;\" loading=\"lazy\" decoding=\"async\" width=\"608\" height=\"1080\" sizes=\"auto, (max-width: 608px) 100vw, 608px\" data-id=\"1442\" src=\"https:\/\/effa-segeln.de\/wp-content\/uploads\/2025\/06\/20250517_080544-1-608x1080.jpg\" alt=\"\" class=\"wp-image-1442 not-transparent\" srcset=\"https:\/\/effa-segeln.de\/wp-content\/uploads\/2025\/06\/20250517_080544-1-608x1080.jpg 608w, https:\/\/effa-segeln.de\/wp-content\/uploads\/2025\/06\/20250517_080544-1-169x300.jpg 169w, https:\/\/effa-segeln.de\/wp-content\/uploads\/2025\/06\/20250517_080544-1-768x1365.jpg 768w, https:\/\/effa-segeln.de\/wp-content\/uploads\/2025\/06\/20250517_080544-1-864x1536.jpg 864w, https:\/\/effa-segeln.de\/wp-content\/uploads\/2025\/06\/20250517_080544-1-1153x2048.jpg 1153w, https:\/\/effa-segeln.de\/wp-content\/uploads\/2025\/06\/20250517_080544-1-1200x2132.jpg 1200w, https:\/\/effa-segeln.de\/wp-content\/uploads\/2025\/06\/20250517_080544-1-1980x3518.jpg 1980w, https:\/\/effa-segeln.de\/wp-content\/uploads\/2025\/06\/20250517_080544-1-scaled.jpg 1441w\" \/><\/figure>\n\n\n\n<figure class=\"wp-block-image size-large\"><img data-dominant-color=\"666770\" data-has-transparency=\"false\" style=\"--dominant-color: #666770;\" loading=\"lazy\" decoding=\"async\" width=\"608\" height=\"1080\" sizes=\"auto, (max-width: 608px) 100vw, 608px\" data-id=\"1444\" src=\"https:\/\/effa-segeln.de\/wp-content\/uploads\/2025\/06\/20250517_105432-1-608x1080.jpg\" alt=\"\" class=\"wp-image-1444 not-transparent\" srcset=\"https:\/\/effa-segeln.de\/wp-content\/uploads\/2025\/06\/20250517_105432-1-608x1080.jpg 608w, https:\/\/effa-segeln.de\/wp-content\/uploads\/2025\/06\/20250517_105432-1-169x300.jpg 169w, https:\/\/effa-segeln.de\/wp-content\/uploads\/2025\/06\/20250517_105432-1-768x1365.jpg 768w, https:\/\/effa-segeln.de\/wp-content\/uploads\/2025\/06\/20250517_105432-1-864x1536.jpg 864w, https:\/\/effa-segeln.de\/wp-content\/uploads\/2025\/06\/20250517_105432-1-1153x2048.jpg 1153w, https:\/\/effa-segeln.de\/wp-content\/uploads\/2025\/06\/20250517_105432-1-1200x2132.jpg 1200w, https:\/\/effa-segeln.de\/wp-content\/uploads\/2025\/06\/20250517_105432-1-1980x3518.jpg 1980w, https:\/\/effa-segeln.de\/wp-content\/uploads\/2025\/06\/20250517_105432-1-scaled.jpg 1441w\" \/><\/figure>\n\n\n\n<figure class=\"wp-block-image size-large\"><img data-dominant-color=\"869485\" data-has-transparency=\"false\" style=\"--dominant-color: #869485;\" loading=\"lazy\" decoding=\"async\" width=\"1920\" height=\"1080\" sizes=\"auto, (max-width: 1920px) 100vw, 1920px\" data-id=\"1446\" src=\"https:\/\/effa-segeln.de\/wp-content\/uploads\/2025\/06\/20250517_160402-1920x1080.jpg\" alt=\"\" class=\"wp-image-1446 not-transparent\" srcset=\"https:\/\/effa-segeln.de\/wp-content\/uploads\/2025\/06\/20250517_160402-1920x1080.jpg 1920w, https:\/\/effa-segeln.de\/wp-content\/uploads\/2025\/06\/20250517_160402-300x169.jpg 300w, https:\/\/effa-segeln.de\/wp-content\/uploads\/2025\/06\/20250517_160402-768x432.jpg 768w, https:\/\/effa-segeln.de\/wp-content\/uploads\/2025\/06\/20250517_160402-1536x864.jpg 1536w, https:\/\/effa-segeln.de\/wp-content\/uploads\/2025\/06\/20250517_160402-2048x1153.jpg 2048w, https:\/\/effa-segeln.de\/wp-content\/uploads\/2025\/06\/20250517_160402-1200x675.jpg 1200w, https:\/\/effa-segeln.de\/wp-content\/uploads\/2025\/06\/20250517_160402-1980x1114.jpg 1980w\" \/><\/figure>\n\n\n\n<figure class=\"wp-block-image size-large\"><img data-dominant-color=\"748090\" data-has-transparency=\"false\" style=\"--dominant-color: #748090;\" loading=\"lazy\" decoding=\"async\" width=\"1440\" height=\"1080\" sizes=\"auto, (max-width: 1440px) 100vw, 1440px\" data-id=\"1445\" src=\"https:\/\/effa-segeln.de\/wp-content\/uploads\/2025\/06\/IMG_20250518_123807-1440x1080.jpg\" alt=\"\" class=\"wp-image-1445 not-transparent\" srcset=\"https:\/\/effa-segeln.de\/wp-content\/uploads\/2025\/06\/IMG_20250518_123807-1440x1080.jpg 1440w, https:\/\/effa-segeln.de\/wp-content\/uploads\/2025\/06\/IMG_20250518_123807-300x225.jpg 300w, https:\/\/effa-segeln.de\/wp-content\/uploads\/2025\/06\/IMG_20250518_123807-768x576.jpg 768w, https:\/\/effa-segeln.de\/wp-content\/uploads\/2025\/06\/IMG_20250518_123807-1536x1152.jpg 1536w, https:\/\/effa-segeln.de\/wp-content\/uploads\/2025\/06\/IMG_20250518_123807-2048x1536.jpg 2048w, https:\/\/effa-segeln.de\/wp-content\/uploads\/2025\/06\/IMG_20250518_123807-1200x900.jpg 1200w, https:\/\/effa-segeln.de\/wp-content\/uploads\/2025\/06\/IMG_20250518_123807-1980x1485.jpg 1980w\" \/><\/figure>\n<\/figure>\n","protected":false},"excerpt":{"rendered":"<p>Acht Kinder im Alter von 11 bis 14 Jahren, allesamt Mitglieder der Freitagssegelgruppe der KSG, gingen zum allerersten Mal an Bord der Exodus. Begleitet wurden sie von vier Betreuer*innen \u2013 ein Team aus Ehrenamtlichen der Exodus-Crew und der KSG. Startpunkt war die Marina in Warns, von wo aus wir am Freitag ankamen und einen ersten [&hellip;]<\/p>\n","protected":false},"author":6,"featured_media":1450,"comment_status":"closed","ping_status":"open","sticky":false,"template":"","format":"standard","meta":{"ngg_post_thumbnail":0,"footnotes":""},"categories":[1],"tags":[],"class_list":["post-1438","post","type-post","status-publish","format-standard","has-post-thumbnail","hentry","category-allgemein"],"_links":{"self":[{"href":"https:\/\/effa-segeln.de\/index.php?rest_route=\/wp\/v2\/posts\/1438","targetHints":{"allow":["GET"]}}],"collection":[{"href":"https:\/\/effa-segeln.de\/index.php?rest_route=\/wp\/v2\/posts"}],"about":[{"href":"https:\/\/effa-segeln.de\/index.php?rest_route=\/wp\/v2\/types\/post"}],"author":[{"embeddable":true,"href":"https:\/\/effa-segeln.de\/index.php?rest_route=\/wp\/v2\/users\/6"}],"replies":[{"embeddable":true,"href":"https:\/\/effa-segeln.de\/index.php?rest_route=%2Fwp%2Fv2%2Fcomments&post=1438"}],"version-history":[{"count":3,"href":"https:\/\/effa-segeln.de\/index.php?rest_route=\/wp\/v2\/posts\/1438\/revisions"}],"predecessor-version":[{"id":1452,"href":"https:\/\/effa-segeln.de\/index.php?rest_route=\/wp\/v2\/posts\/1438\/revisions\/1452"}],"wp:featuredmedia":[{"embeddable":true,"href":"https:\/\/effa-segeln.de\/index.php?rest_route=\/wp\/v2\/media\/1450"}],"wp:attachment":[{"href":"https:\/\/effa-segeln.de\/index.php?rest_route=%2Fwp%2Fv2%2Fmedia&parent=1438"}],"wp:term":[{"taxonomy":"category","embeddable":true,"href":"https:\/\/effa-segeln.de\/index.php?rest_route=%2Fwp%2Fv2%2Fcategories&post=1438"},{"taxonomy":"post_tag","embeddable":true,"href":"https:\/\/effa-segeln.de\/index.php?rest_route=%2Fwp%2Fv2%2Ftags&post=1438"}],"curies":[{"name":"wp","href":"https:\/\/api.w.org\/{rel}","templated":true}]}}