{"id":1454,"date":"2025-06-12T23:29:41","date_gmt":"2025-06-12T21:29:41","guid":{"rendered":"https:\/\/neu.effa-segeln.de\/?p=1454"},"modified":"2025-06-12T23:29:41","modified_gmt":"2025-06-12T21:29:41","slug":"vorbereitung-fuer-den-ersten-maedchen-toern-in-der-geschichte-der-exodus","status":"publish","type":"post","link":"https:\/\/effa-segeln.de\/?p=1454","title":{"rendered":"Vorbereitung f\u00fcr den ersten M\u00e4dchen-T\u00f6rn in der Geschichte der Exodus!"},"content":{"rendered":"\n<p>Ein gelungener und aufregender Start in unser Projekt M\u00e4dchent\u00f6rn- so k\u00f6nnte man das dritte Maiwochenende Wochenende beschreiben.&nbsp;<\/p>\n\n\n\n<p>Wir &#8211; Sonja, Sandra und Katharina &#8211; haben Segelfreundinnen von uns zu einem M\u00e4dels-Wochenende auf der Exodus eingeladen. Das haben wir nat\u00fcrlich flei\u00dfig genutzt, um f\u00fcr den ersten M\u00e4dchent\u00f6rn in der Geschichte der Exodus zu trainieren. (Der findet \u00fcbrigens 2025 in der ersten NRW-Herbstferienwoche statt.<a href=\"https:\/\/effa-segeln.de\/?page_id=568\"> Jetzt noch schnell anmelden!<\/a>)\u00a0<\/p>\n\n\n\n<p>Das Wetter war eine kleine Herausforderung: Statt auf das Ijsselmeer, sind wir in Absprache von Warns Richtung Gaastmeer gesegelt \u2013 f\u00fcr manche Neuland, f\u00fcr andere ein Ort voller sch\u00f6ner Erinnerungen.<\/p>\n\n\n\n<p>Segeltechnisch reichte die Sturm-Fock und der Sturm-Kl\u00fcver, um mit mehr als 4 Knoten Nordost zu segeln.<\/p>\n\n\n\n<p>Der malerische Hafen und die eher bescheidene Wetterprognose haben uns dazu verleitet, einfach dort zu bleiben.<br>Den Hafentag nutzten wir, um das Leinenwerfen zu \u00fcben \u2013 dabei hatten wir jede Menge Spa\u00df!<\/p>\n\n\n\n<p>Das Wochenende ging nat\u00fcrlich viel zu schnell um, aber wir freuen uns schon, im Herbst eine Woche mit euch zu verbringen!<\/p>\n\n\n\n<p><br><strong>TIPP:<\/strong>\u00a0Schaut doch mal auf Instagram vorbei, dort zeigt Dir Katharina, wie das mit dem Leinenwerfen funktioniert!<\/p>\n","protected":false},"excerpt":{"rendered":"<p>Ein gelungener und aufregender Start in unser Projekt M\u00e4dchent\u00f6rn- so k\u00f6nnte man das dritte Maiwochenende Wochenende beschreiben.&nbsp; Wir &#8211; Sonja, Sandra und Katharina &#8211; haben Segelfreundinnen von uns zu einem M\u00e4dels-Wochenende auf der Exodus eingeladen. Das haben wir nat\u00fcrlich flei\u00dfig genutzt, um f\u00fcr den ersten M\u00e4dchent\u00f6rn in der Geschichte der Exodus zu trainieren. (Der findet [&hellip;]<\/p>\n","protected":false},"author":1,"featured_media":1455,"comment_status":"closed","ping_status":"open","sticky":false,"template":"","format":"standard","meta":{"ngg_post_thumbnail":0,"footnotes":""},"categories":[1],"tags":[],"class_list":["post-1454","post","type-post","status-publish","format-standard","has-post-thumbnail","hentry","category-allgemein"],"_links":{"self":[{"href":"https:\/\/effa-segeln.de\/index.php?rest_route=\/wp\/v2\/posts\/1454","targetHints":{"allow":["GET"]}}],"collection":[{"href":"https:\/\/effa-segeln.de\/index.php?rest_route=\/wp\/v2\/posts"}],"about":[{"href":"https:\/\/effa-segeln.de\/index.php?rest_route=\/wp\/v2\/types\/post"}],"author":[{"embeddable":true,"href":"https:\/\/effa-segeln.de\/index.php?rest_route=\/wp\/v2\/users\/1"}],"replies":[{"embeddable":true,"href":"https:\/\/effa-segeln.de\/index.php?rest_route=%2Fwp%2Fv2%2Fcomments&post=1454"}],"version-history":[{"count":1,"href":"https:\/\/effa-segeln.de\/index.php?rest_route=\/wp\/v2\/posts\/1454\/revisions"}],"predecessor-version":[{"id":1456,"href":"https:\/\/effa-segeln.de\/index.php?rest_route=\/wp\/v2\/posts\/1454\/revisions\/1456"}],"wp:featuredmedia":[{"embeddable":true,"href":"https:\/\/effa-segeln.de\/index.php?rest_route=\/wp\/v2\/media\/1455"}],"wp:attachment":[{"href":"https:\/\/effa-segeln.de\/index.php?rest_route=%2Fwp%2Fv2%2Fmedia&parent=1454"}],"wp:term":[{"taxonomy":"category","embeddable":true,"href":"https:\/\/effa-segeln.de\/index.php?rest_route=%2Fwp%2Fv2%2Fcategories&post=1454"},{"taxonomy":"post_tag","embeddable":true,"href":"https:\/\/effa-segeln.de\/index.php?rest_route=%2Fwp%2Fv2%2Ftags&post=1454"}],"curies":[{"name":"wp","href":"https:\/\/api.w.org\/{rel}","templated":true}]}}