{"id":1477,"date":"2025-07-08T22:12:29","date_gmt":"2025-07-08T20:12:29","guid":{"rendered":"https:\/\/neu.effa-segeln.de\/?p=1477"},"modified":"2025-07-08T22:12:29","modified_gmt":"2025-07-08T20:12:29","slug":"gemeindefest","status":"publish","type":"post","link":"https:\/\/effa-segeln.de\/?p=1477","title":{"rendered":"Gemeindefest"},"content":{"rendered":"\n<p>Am letzten Sonntag fand das Gemeindefest unserer Kirchengemeinde statt. Auch wir SeglerInnen waren mit dabei! Nach einem spannenden und interaktiven Gottesdienst zum Thema &#8222;Was hei\u00dft Glauben?&#8220; ging es raus in den Hof. Leider war das Wetter nicht ganz so sommerlich wie erhofft, aber wir hatten trotzdem die M\u00f6glichkeit viele Gemeindemitglieder und BesucherInnen (wieder) zu treffen und unsere Segelarbeit vorzustellen. Dabei wurde viel gesprochen, gelacht und nat\u00fcrlich auch geknotet. Nachdem also einige Schl\u00fcsselanh\u00e4nger gemeinsam geknotet wurden und viele Geschichten der Exodus erz\u00e4hlt werden konnten, war es gegen 15 Uhr Zeit wegen des schlechten Wetters abzubauen. <\/p>\n\n\n\n<p>Wir freuen uns schon sehr auf das n\u00e4chste Gemeindefest (bei hoffentlich besserem Wetter) und hoffen einige, die wir Sonntag getroffen haben, vielleicht bald an Bord wiederzusehen!<\/p>\n","protected":false},"excerpt":{"rendered":"<p>Am letzten Sonntag fand das Gemeindefest unserer Kirchengemeinde statt. Auch wir SeglerInnen waren mit dabei! Nach einem spannenden und interaktiven Gottesdienst zum Thema &#8222;Was hei\u00dft Glauben?&#8220; ging es raus in den Hof. Leider war das Wetter nicht ganz so sommerlich wie erhofft, aber wir hatten trotzdem die M\u00f6glichkeit viele Gemeindemitglieder und BesucherInnen (wieder) zu treffen [&hellip;]<\/p>\n","protected":false},"author":1,"featured_media":1478,"comment_status":"closed","ping_status":"open","sticky":false,"template":"","format":"standard","meta":{"ngg_post_thumbnail":0,"footnotes":""},"categories":[1],"tags":[10,9],"class_list":["post-1477","post","type-post","status-publish","format-standard","has-post-thumbnail","hentry","category-allgemein","tag-bericht","tag-gemeindebrief"],"_links":{"self":[{"href":"https:\/\/effa-segeln.de\/index.php?rest_route=\/wp\/v2\/posts\/1477","targetHints":{"allow":["GET"]}}],"collection":[{"href":"https:\/\/effa-segeln.de\/index.php?rest_route=\/wp\/v2\/posts"}],"about":[{"href":"https:\/\/effa-segeln.de\/index.php?rest_route=\/wp\/v2\/types\/post"}],"author":[{"embeddable":true,"href":"https:\/\/effa-segeln.de\/index.php?rest_route=\/wp\/v2\/users\/1"}],"replies":[{"embeddable":true,"href":"https:\/\/effa-segeln.de\/index.php?rest_route=%2Fwp%2Fv2%2Fcomments&post=1477"}],"version-history":[{"count":1,"href":"https:\/\/effa-segeln.de\/index.php?rest_route=\/wp\/v2\/posts\/1477\/revisions"}],"predecessor-version":[{"id":1479,"href":"https:\/\/effa-segeln.de\/index.php?rest_route=\/wp\/v2\/posts\/1477\/revisions\/1479"}],"wp:featuredmedia":[{"embeddable":true,"href":"https:\/\/effa-segeln.de\/index.php?rest_route=\/wp\/v2\/media\/1478"}],"wp:attachment":[{"href":"https:\/\/effa-segeln.de\/index.php?rest_route=%2Fwp%2Fv2%2Fmedia&parent=1477"}],"wp:term":[{"taxonomy":"category","embeddable":true,"href":"https:\/\/effa-segeln.de\/index.php?rest_route=%2Fwp%2Fv2%2Fcategories&post=1477"},{"taxonomy":"post_tag","embeddable":true,"href":"https:\/\/effa-segeln.de\/index.php?rest_route=%2Fwp%2Fv2%2Ftags&post=1477"}],"curies":[{"name":"wp","href":"https:\/\/api.w.org\/{rel}","templated":true}]}}