{"id":772,"date":"2024-01-17T17:43:33","date_gmt":"2024-01-17T16:43:33","guid":{"rendered":"https:\/\/neu.effa-segeln.de\/?p=772"},"modified":"2024-01-17T19:58:27","modified_gmt":"2024-01-17T18:58:27","slug":"2024-juleica-schulung-zu-diversitaet","status":"publish","type":"post","link":"https:\/\/effa-segeln.de\/?p=772","title":{"rendered":"2024 Juleica-Schulung zu Diversit\u00e4t"},"content":{"rendered":"\n<p>Am Wochenende vom 12.01. bis zum 14.01. nahmen wir als Mitarbeitende gemeinsam an einer Juleica-Schulung in der Ev. Jugendbildungsst\u00e4tte Hackauser Hof teil, diesmal zum Thema Diversit\u00e4tsensibilit\u00e4t, Vielfalt als St\u00e4rke und Queerfreundlichkeit.<\/p>\n\n\n\n<p>Wir haben gelernt, was \u201equeer sein\u201c bedeutet und welche gro\u00dfe Bedeutung pers\u00f6nliche und sexuelle Selbstbestimmung in der Jugendarbeit hat.<br>Die Schulung vermittelte nicht nur Kenntnisse \u00fcber einen grenzwahrenden und achtsamen Umgang, sondern schuf auch Raum f\u00fcr die Reflexion unserer eigenen Einstellungen. Die zahlreichen tiefgehenden Gespr\u00e4che und der Erfahrungsaustausch haben uns nachdr\u00fccklich vor Augen gef\u00fchrt, wie unmittelbar relevant und pr\u00e4sent das Thema der Diversit\u00e4t in unserem allt\u00e4glichen Leben auf der Exodus ist.<\/p>\n\n\n\n<p>Es ist uns ein Anliegen, uns klar und eindeutig gegen jegliche Form der Diskriminierung von queeren Personen auszusprechen. In diesem Zusammenhang beziehen wir uns auf den Beschluss \u201eWir wollen Safer Space werden\u201c der Evangelischen Jugend im Rheinland.<\/p>\n\n\n\n<p><a href=\"https:\/\/ejir.de\/wp-content\/themes\/ejir\/pdfs\/B4_Wir_wollen_Safer_Space_werden.pdf\">https:\/\/ejir.de\/wp-content\/themes\/ejir\/pdfs\/B4_Wir_wollen_Safer_Space_werden.pdf<\/a><\/p>\n\n\n\n<p>Besonders dankbar sind wir unserer Referentin Jule, die uns hilfreiche Tipps mit auf den Weg gab, wie wir f\u00fcr alle ein inklusiveres Umfeld an Bord schaffen k\u00f6nnen. Wir sind fest entschlossen, uns kontinuierlich f\u00fcr die Akzeptanz und Wertsch\u00e4tzung queerer Menschen einzusetzen, und werden das Erlernte in unsere t\u00e4gliche Arbeit&nbsp;integrieren.<\/p>\n","protected":false},"excerpt":{"rendered":"<p>&#8222;Am Wochenende vom 12.01. bis zum 14.01. nahmen wir als Mitarbeitende gemeinsam an einer Juleica-Schulung in der Ev. Jugendbildungsst\u00e4tte Hackauser Hof teil, diesmal zum Thema Diversit\u00e4tsensibilit\u00e4t, Vielfalt als St\u00e4rke und Queerfreundlichkeit.<br \/>\nWir haben gelernt, was \u201equeer sein\u201c bedeutet und welche gro\u00dfe Bedeutung pers\u00f6nliche und sexuelle Selbstbestimmung in der Jugendarbeit hat.&#8220;<br \/>\n<a href=\"https:\/\/effa-segeln.de\/?p=772\">Weiterlesen<\/a> <\/p>\n","protected":false},"author":5,"featured_media":768,"comment_status":"closed","ping_status":"open","sticky":false,"template":"","format":"standard","meta":{"ngg_post_thumbnail":0,"footnotes":""},"categories":[8],"tags":[],"class_list":["post-772","post","type-post","status-publish","format-standard","has-post-thumbnail","hentry","category-freizeitberichte"],"_links":{"self":[{"href":"https:\/\/effa-segeln.de\/index.php?rest_route=\/wp\/v2\/posts\/772","targetHints":{"allow":["GET"]}}],"collection":[{"href":"https:\/\/effa-segeln.de\/index.php?rest_route=\/wp\/v2\/posts"}],"about":[{"href":"https:\/\/effa-segeln.de\/index.php?rest_route=\/wp\/v2\/types\/post"}],"author":[{"embeddable":true,"href":"https:\/\/effa-segeln.de\/index.php?rest_route=\/wp\/v2\/users\/5"}],"replies":[{"embeddable":true,"href":"https:\/\/effa-segeln.de\/index.php?rest_route=%2Fwp%2Fv2%2Fcomments&post=772"}],"version-history":[{"count":4,"href":"https:\/\/effa-segeln.de\/index.php?rest_route=\/wp\/v2\/posts\/772\/revisions"}],"predecessor-version":[{"id":779,"href":"https:\/\/effa-segeln.de\/index.php?rest_route=\/wp\/v2\/posts\/772\/revisions\/779"}],"wp:featuredmedia":[{"embeddable":true,"href":"https:\/\/effa-segeln.de\/index.php?rest_route=\/wp\/v2\/media\/768"}],"wp:attachment":[{"href":"https:\/\/effa-segeln.de\/index.php?rest_route=%2Fwp%2Fv2%2Fmedia&parent=772"}],"wp:term":[{"taxonomy":"category","embeddable":true,"href":"https:\/\/effa-segeln.de\/index.php?rest_route=%2Fwp%2Fv2%2Fcategories&post=772"},{"taxonomy":"post_tag","embeddable":true,"href":"https:\/\/effa-segeln.de\/index.php?rest_route=%2Fwp%2Fv2%2Ftags&post=772"}],"curies":[{"name":"wp","href":"https:\/\/api.w.org\/{rel}","templated":true}]}}