{"id":898,"date":"2024-04-09T21:26:06","date_gmt":"2024-04-09T19:26:06","guid":{"rendered":"https:\/\/neu.effa-segeln.de\/?p=898"},"modified":"2024-04-13T22:11:50","modified_gmt":"2024-04-13T20:11:50","slug":"ostertoern-2-2024","status":"publish","type":"post","link":"https:\/\/effa-segeln.de\/?p=898","title":{"rendered":"Ostert\u00f6rn 2 2024"},"content":{"rendered":"\n<blockquote class=\"wp-block-quote is-layout-flow wp-block-quote-is-layout-flow\">\n<p>Braucht man Sonnenbrille und Stirnlampe zum sp\u00fclen?<br>Wie belege ich die Kl\u00fcverschot auf einen Poller?<br>Und wie gro\u00df waren die East Indian Company Schiffe wirklich?<br>Alles Fragen die mir auf diesem T\u00f6rn auf die sch\u00f6nsten Arten und Weise von den Skippern, den Teilnehmern und den wundersch\u00f6nen Orten beantwortet wurden. Zu Beginn waren wir nur zu F\u00fcnft. Zwei Skipper und drei Teilnehmer, aber in Lelystad sind noch zwei weitere nette Teilnehmer an Bord gekommen. Es war ein tolles Miteinander und jeder hat jedem geholfen. Von Sonnenschein und blauem Himmel bis Starkregen und Windst\u00e4rke 8 war alles mit dabei.<br>Es war ein super tolles Erlebnis.<\/p>\n<cite>Mia, Teilnehmerin des Ostert\u00f6rns<\/cite><\/blockquote>\n\n\n\n<figure class=\"wp-block-gallery has-nested-images columns-default is-cropped wp-block-gallery-1 is-layout-flex wp-block-gallery-is-layout-flex\">\n<figure class=\"wp-block-image size-large\"><img loading=\"lazy\" decoding=\"async\" width=\"1920\" height=\"873\" sizes=\"auto, (max-width: 1920px) 100vw, 1920px\" data-id=\"906\" src=\"https:\/\/effa-segeln.de\/wp-content\/uploads\/2024\/04\/Screenshot_2024-04-06-13-53-24-12_92460851df6f172a4592fca41cc2d2e6-1920x873.jpg\" alt=\"\" class=\"wp-image-906\" srcset=\"https:\/\/effa-segeln.de\/wp-content\/uploads\/2024\/04\/Screenshot_2024-04-06-13-53-24-12_92460851df6f172a4592fca41cc2d2e6-1920x873.jpg 1920w, https:\/\/effa-segeln.de\/wp-content\/uploads\/2024\/04\/Screenshot_2024-04-06-13-53-24-12_92460851df6f172a4592fca41cc2d2e6-300x136.jpg 300w, https:\/\/effa-segeln.de\/wp-content\/uploads\/2024\/04\/Screenshot_2024-04-06-13-53-24-12_92460851df6f172a4592fca41cc2d2e6-768x349.jpg 768w, https:\/\/effa-segeln.de\/wp-content\/uploads\/2024\/04\/Screenshot_2024-04-06-13-53-24-12_92460851df6f172a4592fca41cc2d2e6-1536x698.jpg 1536w, https:\/\/effa-segeln.de\/wp-content\/uploads\/2024\/04\/Screenshot_2024-04-06-13-53-24-12_92460851df6f172a4592fca41cc2d2e6-2048x931.jpg 2048w, https:\/\/effa-segeln.de\/wp-content\/uploads\/2024\/04\/Screenshot_2024-04-06-13-53-24-12_92460851df6f172a4592fca41cc2d2e6-1200x545.jpg 1200w, https:\/\/effa-segeln.de\/wp-content\/uploads\/2024\/04\/Screenshot_2024-04-06-13-53-24-12_92460851df6f172a4592fca41cc2d2e6-1980x900.jpg 1980w\" \/><\/figure>\n\n\n\n<figure class=\"wp-block-image size-large\"><img loading=\"lazy\" decoding=\"async\" width=\"810\" height=\"1080\" sizes=\"auto, (max-width: 810px) 100vw, 810px\" data-id=\"904\" src=\"https:\/\/effa-segeln.de\/wp-content\/uploads\/2024\/04\/20240331_204444-810x1080.jpg\" alt=\"\" class=\"wp-image-904\" srcset=\"https:\/\/effa-segeln.de\/wp-content\/uploads\/2024\/04\/20240331_204444-810x1080.jpg 810w, https:\/\/effa-segeln.de\/wp-content\/uploads\/2024\/04\/20240331_204444-225x300.jpg 225w, https:\/\/effa-segeln.de\/wp-content\/uploads\/2024\/04\/20240331_204444-768x1024.jpg 768w, https:\/\/effa-segeln.de\/wp-content\/uploads\/2024\/04\/20240331_204444-1152x1536.jpg 1152w, https:\/\/effa-segeln.de\/wp-content\/uploads\/2024\/04\/20240331_204444-1536x2048.jpg 1536w, https:\/\/effa-segeln.de\/wp-content\/uploads\/2024\/04\/20240331_204444-1200x1600.jpg 1200w, https:\/\/effa-segeln.de\/wp-content\/uploads\/2024\/04\/20240331_204444-1980x2640.jpg 1980w, https:\/\/effa-segeln.de\/wp-content\/uploads\/2024\/04\/20240331_204444-scaled.jpg 1920w\" \/><\/figure>\n<\/figure>\n","protected":false},"excerpt":{"rendered":"<p>Braucht man Sonnenbrille und Stirnlampe zum sp\u00fclen?<\/p>\n","protected":false},"author":4,"featured_media":915,"comment_status":"closed","ping_status":"open","sticky":false,"template":"","format":"standard","meta":{"ngg_post_thumbnail":0,"footnotes":""},"categories":[8],"tags":[],"class_list":["post-898","post","type-post","status-publish","format-standard","has-post-thumbnail","hentry","category-freizeitberichte"],"_links":{"self":[{"href":"https:\/\/effa-segeln.de\/index.php?rest_route=\/wp\/v2\/posts\/898","targetHints":{"allow":["GET"]}}],"collection":[{"href":"https:\/\/effa-segeln.de\/index.php?rest_route=\/wp\/v2\/posts"}],"about":[{"href":"https:\/\/effa-segeln.de\/index.php?rest_route=\/wp\/v2\/types\/post"}],"author":[{"embeddable":true,"href":"https:\/\/effa-segeln.de\/index.php?rest_route=\/wp\/v2\/users\/4"}],"replies":[{"embeddable":true,"href":"https:\/\/effa-segeln.de\/index.php?rest_route=%2Fwp%2Fv2%2Fcomments&post=898"}],"version-history":[{"count":3,"href":"https:\/\/effa-segeln.de\/index.php?rest_route=\/wp\/v2\/posts\/898\/revisions"}],"predecessor-version":[{"id":907,"href":"https:\/\/effa-segeln.de\/index.php?rest_route=\/wp\/v2\/posts\/898\/revisions\/907"}],"wp:featuredmedia":[{"embeddable":true,"href":"https:\/\/effa-segeln.de\/index.php?rest_route=\/wp\/v2\/media\/915"}],"wp:attachment":[{"href":"https:\/\/effa-segeln.de\/index.php?rest_route=%2Fwp%2Fv2%2Fmedia&parent=898"}],"wp:term":[{"taxonomy":"category","embeddable":true,"href":"https:\/\/effa-segeln.de\/index.php?rest_route=%2Fwp%2Fv2%2Fcategories&post=898"},{"taxonomy":"post_tag","embeddable":true,"href":"https:\/\/effa-segeln.de\/index.php?rest_route=%2Fwp%2Fv2%2Ftags&post=898"}],"curies":[{"name":"wp","href":"https:\/\/api.w.org\/{rel}","templated":true}]}}